{"id":2067,"date":"2025-10-11T17:28:02","date_gmt":"2025-10-11T15:28:02","guid":{"rendered":"https:\/\/vs-jonas.at\/?p=2067"},"modified":"2025-10-11T17:28:02","modified_gmt":"2025-10-11T15:28:02","slug":"augen-auf-die-strasse-workshop-fuer-die-1-und-2-klassen","status":"publish","type":"post","link":"https:\/\/vs-jonas.at\/?p=2067","title":{"rendered":"Augen auf die Stra\u00dfe &#8211; Workshop f\u00fcr die 1. und 2. Klassen"},"content":{"rendered":"<h1 style=\"text-align: center;\">Am 10.10.2025 bekamen unsere 1. und 2. Klassen einen Workshop zum Thema Sicherheit im Stra\u00dfenverkehr. Die Kinder lernten vieles \u00fcber das richtige Verhalten im Stra\u00dfenverkehr und wie wichtig es ist, als TeilnehmerIn im Stra\u00dfenverkehr gut aufzupassen und sich nicht durch digitale Medien ablenken zu lassen. Zum Schluss bekam jedes Kind noch einen coolen Sticker und eine kleine S\u00fc\u00dfigkeit. &#8211; Wir sagen vielen Dank f\u00fcrs Kommen an das nette Team von &#8222;Augen auf die Stra\u00dfe&#8220;.<\/h1>\n<p><img loading=\"lazy\" decoding=\"async\" class=\"alignnone  wp-image-2068\" src=\"https:\/\/vs-jonas.at\/wp-content\/uploads\/2025\/10\/IMG-20251010-WA0002-576x1024.jpg\" alt=\"\" width=\"519\" height=\"923\" srcset=\"https:\/\/vs-jonas.at\/wp-content\/uploads\/2025\/10\/IMG-20251010-WA0002-576x1024.jpg 576w, https:\/\/vs-jonas.at\/wp-content\/uploads\/2025\/10\/IMG-20251010-WA0002-169x300.jpg 169w, https:\/\/vs-jonas.at\/wp-content\/uploads\/2025\/10\/IMG-20251010-WA0002-768x1365.jpg 768w, https:\/\/vs-jonas.at\/wp-content\/uploads\/2025\/10\/IMG-20251010-WA0002-864x1536.jpg 864w, https:\/\/vs-jonas.at\/wp-content\/uploads\/2025\/10\/IMG-20251010-WA0002.jpg 1080w\" sizes=\"auto, (max-width: 519px) 100vw, 519px\" \/><\/p>\n<div style=\"width: 478px;\" class=\"wp-video\"><video class=\"wp-video-shortcode\" id=\"video-2067-1\" width=\"478\" height=\"850\" preload=\"metadata\" controls=\"controls\"><source type=\"video\/mp4\" src=\"https:\/\/vs-jonas.at\/wp-content\/uploads\/2025\/10\/VID-20251010-WA0004.mp4?_=1\" \/><a href=\"https:\/\/vs-jonas.at\/wp-content\/uploads\/2025\/10\/VID-20251010-WA0004.mp4\">https:\/\/vs-jonas.at\/wp-content\/uploads\/2025\/10\/VID-20251010-WA0004.mp4<\/a><\/video><\/div>\n<p><img loading=\"lazy\" decoding=\"async\" class=\"size-large wp-image-2070 alignleft\" src=\"https:\/\/vs-jonas.at\/wp-content\/uploads\/2025\/10\/IMG-20251010-WA0003-577x1024.jpg\" alt=\"\" width=\"577\" height=\"1024\" srcset=\"https:\/\/vs-jonas.at\/wp-content\/uploads\/2025\/10\/IMG-20251010-WA0003-577x1024.jpg 577w, https:\/\/vs-jonas.at\/wp-content\/uploads\/2025\/10\/IMG-20251010-WA0003-169x300.jpg 169w, https:\/\/vs-jonas.at\/wp-content\/uploads\/2025\/10\/IMG-20251010-WA0003-768x1364.jpg 768w, https:\/\/vs-jonas.at\/wp-content\/uploads\/2025\/10\/IMG-20251010-WA0003-865x1536.jpg 865w, https:\/\/vs-jonas.at\/wp-content\/uploads\/2025\/10\/IMG-20251010-WA0003.jpg 1153w\" sizes=\"auto, (max-width: 577px) 100vw, 577px\" \/><\/p>\n<p>&nbsp;<\/p>\n","protected":false},"excerpt":{"rendered":"<p>Am 10.10.2025 bekamen unsere 1. und 2. Klassen einen Workshop zum Thema Sicherheit im Stra\u00dfenverkehr. Die Kinder lernten vieles \u00fcber das richtige Verhalten im Stra\u00dfenverkehr und wie wichtig es ist, als TeilnehmerIn im Stra\u00dfenverkehr gut aufzupassen und sich nicht durch digitale Medien ablenken zu lassen. Zum Schluss bekam jedes Kind noch einen coolen Sticker und [&hellip;]<\/p>\n","protected":false},"author":1,"featured_media":2070,"comment_status":"open","ping_status":"open","sticky":false,"template":"","format":"standard","meta":{"footnotes":""},"categories":[1],"tags":[],"class_list":["post-2067","post","type-post","status-publish","format-standard","has-post-thumbnail","hentry","category-allgemein"],"_links":{"self":[{"href":"https:\/\/vs-jonas.at\/index.php?rest_route=\/wp\/v2\/posts\/2067","targetHints":{"allow":["GET"]}}],"collection":[{"href":"https:\/\/vs-jonas.at\/index.php?rest_route=\/wp\/v2\/posts"}],"about":[{"href":"https:\/\/vs-jonas.at\/index.php?rest_route=\/wp\/v2\/types\/post"}],"author":[{"embeddable":true,"href":"https:\/\/vs-jonas.at\/index.php?rest_route=\/wp\/v2\/users\/1"}],"replies":[{"embeddable":true,"href":"https:\/\/vs-jonas.at\/index.php?rest_route=%2Fwp%2Fv2%2Fcomments&post=2067"}],"version-history":[{"count":1,"href":"https:\/\/vs-jonas.at\/index.php?rest_route=\/wp\/v2\/posts\/2067\/revisions"}],"predecessor-version":[{"id":2071,"href":"https:\/\/vs-jonas.at\/index.php?rest_route=\/wp\/v2\/posts\/2067\/revisions\/2071"}],"wp:featuredmedia":[{"embeddable":true,"href":"https:\/\/vs-jonas.at\/index.php?rest_route=\/wp\/v2\/media\/2070"}],"wp:attachment":[{"href":"https:\/\/vs-jonas.at\/index.php?rest_route=%2Fwp%2Fv2%2Fmedia&parent=2067"}],"wp:term":[{"taxonomy":"category","embeddable":true,"href":"https:\/\/vs-jonas.at\/index.php?rest_route=%2Fwp%2Fv2%2Fcategories&post=2067"},{"taxonomy":"post_tag","embeddable":true,"href":"https:\/\/vs-jonas.at\/index.php?rest_route=%2Fwp%2Fv2%2Ftags&post=2067"}],"curies":[{"name":"wp","href":"https:\/\/api.w.org\/{rel}","templated":true}]}}